{"id":14548,"date":"2024-05-21T00:00:00","date_gmt":"2024-05-21T00:00:00","guid":{"rendered":"https:\/\/www.naturospace.com\/samstag-25-mai-2024-solidarischer-naturtag-im-naturospace\/"},"modified":"2024-05-21T00:00:00","modified_gmt":"2024-05-21T00:00:00","slug":"samstag-25-mai-2024-solidarischer-naturtag-im-naturospace","status":"publish","type":"post","link":"https:\/\/www.naturospace.com\/de\/samstag-25-mai-2024-solidarischer-naturtag-im-naturospace\/","title":{"rendered":"Samstag, 25. Mai 2024: Solidarischer Naturtag im Naturospace"},"content":{"rendered":"<h4><strong>Im Rahmen der F\u00eate de la Nature spendet das Schmetterlingshaus von Honfleur alle Einnahmen des 25. Mai an Programme zum Schutz bedrohter Wildarten, darunter auch die Rotkopf-Ameise.<\/strong><!--more--><\/h4>\n<p>Der Naturospace ist ein Zoo in der Normandie, der sich seit seiner Er\u00f6ffnung im Jahr 1999 f\u00fcr bedrohte Tierarten einsetzt. Am Tag der Solidarit\u00e4t mit der Natur am Samstag, dem 25. Mai, geht es nicht um ein Pferd, sondern um eine Rotkopf-Athele. Der Naturospace bietet den Besuchern die M\u00f6glichkeit, sich an seiner Verteidigung zu beteiligen.  <\/p>\n<blockquote><p><em><strong>Alle Einnahmen, die am Samstag, den 25. Mai erzielt<\/strong> werden, werden f\u00fcr den Schutz des<strong>Rotkopf-Ameisenb\u00e4ren<\/strong> gespendet&#8220;, sagte Beno\u00eet Damico, Gr\u00fcnder des Naturospace. Neben dem touristischen Aspekt f\u00fcr die \u00d6ffentlichkeit besteht die Aufgabe unseres Zoos darin, t\u00e4glich <strong>tropische Arten zu erhalten<\/strong>. <a href=\"https:\/\/www.naturospace.com\/de\/vogel-universum\/\"><strong>von V\u00f6geln<\/strong><\/a> und der Artenvielfalt. <a href=\"https:\/\/www.naturospace.com\/de\/der-naturospace\/universum-schmetterlinge\/\"><strong>und Schmetterlingen.<\/strong><\/a> Unsere Zusammenarbeit mit anderen Akteuren des Sektors erm\u00f6glicht es uns, bei der Erhaltung anderer Arten durch ein bestimmtes Programm noch weiter zu gehen.&#8220; <\/em><\/p><\/blockquote>\n<h2>Der Rotkopf-Affe, ein vom Aussterben bedrohter Affe<\/h2>\n<p><a href=\"https:\/\/www.naturospace.com\/wp-content\/uploads\/2026\/03\/Ateles-fusciceps-9-site-Manabi-Sisa.jpg\"><img fetchpriority=\"high\" decoding=\"async\" class=\"aligncenter size-full wp-image-12319\" src=\"https:\/\/www.naturospace.com\/wp-content\/uploads\/2026\/03\/Ateles-fusciceps-9-site-Manabi-Sisa.jpg\" alt=\"Der Rotkopf-Affe, ein vom Aussterben bedrohter Affe\" width=\"1000\" height=\"750\"><\/a><\/p>\n<p>Der Rotkopfaffe, auch bekannt unter dem wissenschaftlichen Namen Ateles fusciceps, ist eine endemische Baumaffenart, die in den Regenw\u00e4ldern im Nordwesten Ecuadors beheimatet ist. Das Tier ist an seinem dunkelbraunen Fell und dem markanten roten Kopf zu erkennen und hat einen langen Greifschwanz, mit dem er sich geschickt durch die \u00c4ste der B\u00e4ume bewegen kann. <\/p>\n<blockquote><p><em>Die <strong>Beteiligung von Naturospace<\/strong> im Jahr 2023 hat den<strong> Kauf von 100 Hektar Wald, dem Lebensraum der Atele<\/strong>, erm\u00f6glicht. Wir m\u00f6chten diese Beteiligung langfristig fortsetzen. Naturospace beteiligt sich auch am Erhaltungsfonds des franz\u00f6sischen Zooparkverbandes (AFdPZ).  <\/em><\/p><\/blockquote>\n<h2>Ein besonderer Tag, um an seiner Erhaltung mitzuwirken<\/h2>\n<p>Wussten Sie das? Der 22. Mai wurde von der UNESCO zum Internationalen Tag der biologischen Vielfalt erkl\u00e4rt. In diesem Rahmen wird das <a href=\"https:\/\/fetedelanature.com\/\"><strong>F\u00eate de la Nature, die in Frankreich vom 22. bis 26. Mai 2024 stattfindet.<\/strong><\/a> Im Rahmen von Veranstaltungen im ganzen Land wird die \u00d6ffentlichkeit f\u00fcr die gute Sache sensibilisiert.  <\/p>\n<p>Der Naturospace widmet den Samstag, den 25. Mai, der Sensibilisierung der \u00d6ffentlichkeit f\u00fcr den Rotkopfstelzvogel. <a href=\"https:\/\/www.bioparc-zoo.fr\/projetnature\/equateur-atele\/\"><strong>Bioparc de Dou\u00e9 la Fontaine<\/strong><\/a>Dieser unterst\u00fctzt den <a href=\"https:\/\/www.proyectowashu.org\/\"><strong>die NGO Proyecto Washu unterst\u00fctzt.<\/strong><\/a> die sich t\u00e4glich direkt vor Ort in Ecuador f\u00fcr den Schutz der Art einsetzt.<\/p>\n<h3><i>Weitere Informationen \u00fcber die Rotkopf-Allee<\/i><\/h3>\n<p>&nbsp;<\/p>\n<p>Hier finden Sie auch die Facebook-Links, die von der Rotkopf-Atele sprechen:<\/p>\n<p><a href=\"https:\/\/www.facebook.com\/BioparcConservation\/posts\/pfbid024iVZZoQLg7YqDEJ4EpMTDL5xYS2ZAJhjiWKfeS59H8Q3W22F7ZU9dg2vKmWMpP8vl\"><strong>Mitteilung des Bioparks<\/strong><\/a><\/p>\n<p>&nbsp;<\/p>\n<p><a href=\"https:\/\/www.facebook.com\/proyectowashu.org\"><strong>NGO Proyecto Washu<\/strong><\/a><\/p>\n<p>(Fotos: Zoo Bioparc)<\/p>\n","protected":false},"excerpt":{"rendered":"<p>Im Rahmen der F\u00eate de la Nature spendet das Schmetterlingshaus von Honfleur alle Einnahmen des 25. Mai an Programme zum Schutz bedrohter Wildarten, darunter auch die Rotkopf-Ameise.<\/p>\n","protected":false},"author":1,"featured_media":14550,"comment_status":"open","ping_status":"open","sticky":false,"template":"","format":"standard","meta":{"_acf_changed":false,"footnotes":""},"categories":[59],"tags":[],"class_list":["post-14548","post","type-post","status-publish","format-standard","has-post-thumbnail","hentry","category-nachrichten"],"acf":[],"yoast_head":"<!-- This site is optimized with the Yoast SEO plugin v27.5 - https:\/\/yoast.com\/product\/yoast-seo-wordpress\/ -->\n<title>Samstag, 25. Mai 2024: Solidarischer Naturtag im Naturospace<\/title>\n<meta name=\"description\" content=\"Im Rahmen der F\u00eate de la Nature spendet das Schmetterlingshaus in Honfleur alle Einnahmen vom 25. Mai f\u00fcr den Schutz der Rotkopf-Ameisenblume.\" \/>\n<meta name=\"robots\" content=\"index, follow, max-snippet:-1, max-image-preview:large, max-video-preview:-1\" \/>\n<link rel=\"canonical\" href=\"https:\/\/www.naturospace.com\/de\/samstag-25-mai-2024-solidarischer-naturtag-im-naturospace\/\" \/>\n<meta property=\"og:locale\" content=\"de_DE\" \/>\n<meta property=\"og:type\" content=\"article\" \/>\n<meta property=\"og:title\" content=\"Samstag, 25. Mai 2024: Solidarischer Naturtag im Naturospace\" \/>\n<meta property=\"og:description\" content=\"Im Rahmen der F\u00eate de la Nature spendet das Schmetterlingshaus in Honfleur alle Einnahmen vom 25. Mai f\u00fcr den Schutz der Rotkopf-Ameisenblume.\" \/>\n<meta property=\"og:url\" content=\"https:\/\/www.naturospace.com\/de\/samstag-25-mai-2024-solidarischer-naturtag-im-naturospace\/\" \/>\n<meta property=\"og:site_name\" content=\"Naturospace Honfleur\" \/>\n<meta property=\"article:published_time\" content=\"2024-05-21T00:00:00+00:00\" \/>\n<meta property=\"og:image\" content=\"https:\/\/www.naturospace.com\/wp-content\/uploads\/2026\/03\/Ateles-fusciceps-6-site-Manabi.jpg\" \/>\n\t<meta property=\"og:image:width\" content=\"1000\" \/>\n\t<meta property=\"og:image:height\" content=\"750\" \/>\n\t<meta property=\"og:image:type\" content=\"image\/jpeg\" \/>\n<meta name=\"author\" content=\"admin\" \/>\n<meta name=\"twitter:card\" content=\"summary_large_image\" \/>\n<meta name=\"twitter:label1\" content=\"Verfasst von\" \/>\n\t<meta name=\"twitter:data1\" content=\"admin\" \/>\n\t<meta name=\"twitter:label2\" content=\"Gesch\u00e4tzte Lesezeit\" \/>\n\t<meta name=\"twitter:data2\" content=\"2\u00a0Minuten\" \/>\n<script type=\"application\/ld+json\" class=\"yoast-schema-graph\">{\"@context\":\"https:\\\/\\\/schema.org\",\"@graph\":[{\"@type\":\"Article\",\"@id\":\"https:\\\/\\\/www.naturospace.com\\\/de\\\/samstag-25-mai-2024-solidarischer-naturtag-im-naturospace\\\/#article\",\"isPartOf\":{\"@id\":\"https:\\\/\\\/www.naturospace.com\\\/de\\\/samstag-25-mai-2024-solidarischer-naturtag-im-naturospace\\\/\"},\"author\":{\"name\":\"admin\",\"@id\":\"https:\\\/\\\/www.naturospace.com\\\/#\\\/schema\\\/person\\\/1deb545bf308add83bbeb44b9f47f123\"},\"headline\":\"Samstag, 25. Mai 2024: Solidarischer Naturtag im Naturospace\",\"datePublished\":\"2024-05-21T00:00:00+00:00\",\"mainEntityOfPage\":{\"@id\":\"https:\\\/\\\/www.naturospace.com\\\/de\\\/samstag-25-mai-2024-solidarischer-naturtag-im-naturospace\\\/\"},\"wordCount\":397,\"commentCount\":0,\"publisher\":{\"@id\":\"https:\\\/\\\/www.naturospace.com\\\/#organization\"},\"image\":{\"@id\":\"https:\\\/\\\/www.naturospace.com\\\/de\\\/samstag-25-mai-2024-solidarischer-naturtag-im-naturospace\\\/#primaryimage\"},\"thumbnailUrl\":\"https:\\\/\\\/www.naturospace.com\\\/wp-content\\\/uploads\\\/2026\\\/03\\\/Ateles-fusciceps-6-site-Manabi.jpg\",\"articleSection\":[\"Nachrichten\"],\"inLanguage\":\"de\",\"potentialAction\":[{\"@type\":\"CommentAction\",\"name\":\"Comment\",\"target\":[\"https:\\\/\\\/www.naturospace.com\\\/de\\\/samstag-25-mai-2024-solidarischer-naturtag-im-naturospace\\\/#respond\"]}]},{\"@type\":\"WebPage\",\"@id\":\"https:\\\/\\\/www.naturospace.com\\\/de\\\/samstag-25-mai-2024-solidarischer-naturtag-im-naturospace\\\/\",\"url\":\"https:\\\/\\\/www.naturospace.com\\\/de\\\/samstag-25-mai-2024-solidarischer-naturtag-im-naturospace\\\/\",\"name\":\"Samstag, 25. Mai 2024: Solidarischer Naturtag im Naturospace\",\"isPartOf\":{\"@id\":\"https:\\\/\\\/www.naturospace.com\\\/#website\"},\"primaryImageOfPage\":{\"@id\":\"https:\\\/\\\/www.naturospace.com\\\/de\\\/samstag-25-mai-2024-solidarischer-naturtag-im-naturospace\\\/#primaryimage\"},\"image\":{\"@id\":\"https:\\\/\\\/www.naturospace.com\\\/de\\\/samstag-25-mai-2024-solidarischer-naturtag-im-naturospace\\\/#primaryimage\"},\"thumbnailUrl\":\"https:\\\/\\\/www.naturospace.com\\\/wp-content\\\/uploads\\\/2026\\\/03\\\/Ateles-fusciceps-6-site-Manabi.jpg\",\"datePublished\":\"2024-05-21T00:00:00+00:00\",\"description\":\"Im Rahmen der F\u00eate de la Nature spendet das Schmetterlingshaus in Honfleur alle Einnahmen vom 25. Mai f\u00fcr den Schutz der Rotkopf-Ameisenblume.\",\"breadcrumb\":{\"@id\":\"https:\\\/\\\/www.naturospace.com\\\/de\\\/samstag-25-mai-2024-solidarischer-naturtag-im-naturospace\\\/#breadcrumb\"},\"inLanguage\":\"de\",\"potentialAction\":[{\"@type\":\"ReadAction\",\"target\":[\"https:\\\/\\\/www.naturospace.com\\\/de\\\/samstag-25-mai-2024-solidarischer-naturtag-im-naturospace\\\/\"]}]},{\"@type\":\"ImageObject\",\"inLanguage\":\"de\",\"@id\":\"https:\\\/\\\/www.naturospace.com\\\/de\\\/samstag-25-mai-2024-solidarischer-naturtag-im-naturospace\\\/#primaryimage\",\"url\":\"https:\\\/\\\/www.naturospace.com\\\/wp-content\\\/uploads\\\/2026\\\/03\\\/Ateles-fusciceps-6-site-Manabi.jpg\",\"contentUrl\":\"https:\\\/\\\/www.naturospace.com\\\/wp-content\\\/uploads\\\/2026\\\/03\\\/Ateles-fusciceps-6-site-Manabi.jpg\",\"width\":1000,\"height\":750,\"caption\":\"Ateles fusciceps 6 site Manabi\"},{\"@type\":\"BreadcrumbList\",\"@id\":\"https:\\\/\\\/www.naturospace.com\\\/de\\\/samstag-25-mai-2024-solidarischer-naturtag-im-naturospace\\\/#breadcrumb\",\"itemListElement\":[{\"@type\":\"ListItem\",\"position\":1,\"name\":\"Accueil\",\"item\":\"https:\\\/\\\/www.naturospace.com\\\/de\\\/startseite\\\/\"},{\"@type\":\"ListItem\",\"position\":2,\"name\":\"Samstag, 25. Mai 2024: Solidarischer Naturtag im Naturospace\"}]},{\"@type\":\"WebSite\",\"@id\":\"https:\\\/\\\/www.naturospace.com\\\/#website\",\"url\":\"https:\\\/\\\/www.naturospace.com\\\/\",\"name\":\"Naturospace Honfleur\",\"description\":\"\",\"publisher\":{\"@id\":\"https:\\\/\\\/www.naturospace.com\\\/#organization\"},\"potentialAction\":[{\"@type\":\"SearchAction\",\"target\":{\"@type\":\"EntryPoint\",\"urlTemplate\":\"https:\\\/\\\/www.naturospace.com\\\/?s={search_term_string}\"},\"query-input\":{\"@type\":\"PropertyValueSpecification\",\"valueRequired\":true,\"valueName\":\"search_term_string\"}}],\"inLanguage\":\"de\"},{\"@type\":\"Organization\",\"@id\":\"https:\\\/\\\/www.naturospace.com\\\/#organization\",\"name\":\"Naturospace Honfleur\",\"url\":\"https:\\\/\\\/www.naturospace.com\\\/\",\"logo\":{\"@type\":\"ImageObject\",\"inLanguage\":\"de\",\"@id\":\"https:\\\/\\\/www.naturospace.com\\\/#\\\/schema\\\/logo\\\/image\\\/\",\"url\":\"https:\\\/\\\/www.naturospace.com\\\/wp-content\\\/uploads\\\/2025\\\/12\\\/logo-268x99-1.png\",\"contentUrl\":\"https:\\\/\\\/www.naturospace.com\\\/wp-content\\\/uploads\\\/2025\\\/12\\\/logo-268x99-1.png\",\"width\":552,\"height\":136,\"caption\":\"Naturospace Honfleur\"},\"image\":{\"@id\":\"https:\\\/\\\/www.naturospace.com\\\/#\\\/schema\\\/logo\\\/image\\\/\"}},{\"@type\":\"Person\",\"@id\":\"https:\\\/\\\/www.naturospace.com\\\/#\\\/schema\\\/person\\\/1deb545bf308add83bbeb44b9f47f123\",\"name\":\"admin\",\"image\":{\"@type\":\"ImageObject\",\"inLanguage\":\"de\",\"@id\":\"https:\\\/\\\/secure.gravatar.com\\\/avatar\\\/f760dc655034dd3b1424c451428df8c025e26d7693565f4322c4dc1432dc0bfe?s=96&d=mm&r=g\",\"url\":\"https:\\\/\\\/secure.gravatar.com\\\/avatar\\\/f760dc655034dd3b1424c451428df8c025e26d7693565f4322c4dc1432dc0bfe?s=96&d=mm&r=g\",\"contentUrl\":\"https:\\\/\\\/secure.gravatar.com\\\/avatar\\\/f760dc655034dd3b1424c451428df8c025e26d7693565f4322c4dc1432dc0bfe?s=96&d=mm&r=g\",\"caption\":\"admin\"},\"sameAs\":[\"https:\\\/\\\/www.naturospace.com\"]}]}<\/script>\n<!-- \/ Yoast SEO plugin. -->","yoast_head_json":{"title":"Samstag, 25. Mai 2024: Solidarischer Naturtag im Naturospace","description":"Im Rahmen der F\u00eate de la Nature spendet das Schmetterlingshaus in Honfleur alle Einnahmen vom 25. Mai f\u00fcr den Schutz der Rotkopf-Ameisenblume.","robots":{"index":"index","follow":"follow","max-snippet":"max-snippet:-1","max-image-preview":"max-image-preview:large","max-video-preview":"max-video-preview:-1"},"canonical":"https:\/\/www.naturospace.com\/de\/samstag-25-mai-2024-solidarischer-naturtag-im-naturospace\/","og_locale":"de_DE","og_type":"article","og_title":"Samstag, 25. Mai 2024: Solidarischer Naturtag im Naturospace","og_description":"Im Rahmen der F\u00eate de la Nature spendet das Schmetterlingshaus in Honfleur alle Einnahmen vom 25. Mai f\u00fcr den Schutz der Rotkopf-Ameisenblume.","og_url":"https:\/\/www.naturospace.com\/de\/samstag-25-mai-2024-solidarischer-naturtag-im-naturospace\/","og_site_name":"Naturospace Honfleur","article_published_time":"2024-05-21T00:00:00+00:00","og_image":[{"width":1000,"height":750,"url":"https:\/\/www.naturospace.com\/wp-content\/uploads\/2026\/03\/Ateles-fusciceps-6-site-Manabi.jpg","type":"image\/jpeg"}],"author":"admin","twitter_card":"summary_large_image","twitter_misc":{"Verfasst von":"admin","Gesch\u00e4tzte Lesezeit":"2\u00a0Minuten"},"schema":{"@context":"https:\/\/schema.org","@graph":[{"@type":"Article","@id":"https:\/\/www.naturospace.com\/de\/samstag-25-mai-2024-solidarischer-naturtag-im-naturospace\/#article","isPartOf":{"@id":"https:\/\/www.naturospace.com\/de\/samstag-25-mai-2024-solidarischer-naturtag-im-naturospace\/"},"author":{"name":"admin","@id":"https:\/\/www.naturospace.com\/#\/schema\/person\/1deb545bf308add83bbeb44b9f47f123"},"headline":"Samstag, 25. Mai 2024: Solidarischer Naturtag im Naturospace","datePublished":"2024-05-21T00:00:00+00:00","mainEntityOfPage":{"@id":"https:\/\/www.naturospace.com\/de\/samstag-25-mai-2024-solidarischer-naturtag-im-naturospace\/"},"wordCount":397,"commentCount":0,"publisher":{"@id":"https:\/\/www.naturospace.com\/#organization"},"image":{"@id":"https:\/\/www.naturospace.com\/de\/samstag-25-mai-2024-solidarischer-naturtag-im-naturospace\/#primaryimage"},"thumbnailUrl":"https:\/\/www.naturospace.com\/wp-content\/uploads\/2026\/03\/Ateles-fusciceps-6-site-Manabi.jpg","articleSection":["Nachrichten"],"inLanguage":"de","potentialAction":[{"@type":"CommentAction","name":"Comment","target":["https:\/\/www.naturospace.com\/de\/samstag-25-mai-2024-solidarischer-naturtag-im-naturospace\/#respond"]}]},{"@type":"WebPage","@id":"https:\/\/www.naturospace.com\/de\/samstag-25-mai-2024-solidarischer-naturtag-im-naturospace\/","url":"https:\/\/www.naturospace.com\/de\/samstag-25-mai-2024-solidarischer-naturtag-im-naturospace\/","name":"Samstag, 25. Mai 2024: Solidarischer Naturtag im Naturospace","isPartOf":{"@id":"https:\/\/www.naturospace.com\/#website"},"primaryImageOfPage":{"@id":"https:\/\/www.naturospace.com\/de\/samstag-25-mai-2024-solidarischer-naturtag-im-naturospace\/#primaryimage"},"image":{"@id":"https:\/\/www.naturospace.com\/de\/samstag-25-mai-2024-solidarischer-naturtag-im-naturospace\/#primaryimage"},"thumbnailUrl":"https:\/\/www.naturospace.com\/wp-content\/uploads\/2026\/03\/Ateles-fusciceps-6-site-Manabi.jpg","datePublished":"2024-05-21T00:00:00+00:00","description":"Im Rahmen der F\u00eate de la Nature spendet das Schmetterlingshaus in Honfleur alle Einnahmen vom 25. Mai f\u00fcr den Schutz der Rotkopf-Ameisenblume.","breadcrumb":{"@id":"https:\/\/www.naturospace.com\/de\/samstag-25-mai-2024-solidarischer-naturtag-im-naturospace\/#breadcrumb"},"inLanguage":"de","potentialAction":[{"@type":"ReadAction","target":["https:\/\/www.naturospace.com\/de\/samstag-25-mai-2024-solidarischer-naturtag-im-naturospace\/"]}]},{"@type":"ImageObject","inLanguage":"de","@id":"https:\/\/www.naturospace.com\/de\/samstag-25-mai-2024-solidarischer-naturtag-im-naturospace\/#primaryimage","url":"https:\/\/www.naturospace.com\/wp-content\/uploads\/2026\/03\/Ateles-fusciceps-6-site-Manabi.jpg","contentUrl":"https:\/\/www.naturospace.com\/wp-content\/uploads\/2026\/03\/Ateles-fusciceps-6-site-Manabi.jpg","width":1000,"height":750,"caption":"Ateles fusciceps 6 site Manabi"},{"@type":"BreadcrumbList","@id":"https:\/\/www.naturospace.com\/de\/samstag-25-mai-2024-solidarischer-naturtag-im-naturospace\/#breadcrumb","itemListElement":[{"@type":"ListItem","position":1,"name":"Accueil","item":"https:\/\/www.naturospace.com\/de\/startseite\/"},{"@type":"ListItem","position":2,"name":"Samstag, 25. Mai 2024: Solidarischer Naturtag im Naturospace"}]},{"@type":"WebSite","@id":"https:\/\/www.naturospace.com\/#website","url":"https:\/\/www.naturospace.com\/","name":"Naturospace Honfleur","description":"","publisher":{"@id":"https:\/\/www.naturospace.com\/#organization"},"potentialAction":[{"@type":"SearchAction","target":{"@type":"EntryPoint","urlTemplate":"https:\/\/www.naturospace.com\/?s={search_term_string}"},"query-input":{"@type":"PropertyValueSpecification","valueRequired":true,"valueName":"search_term_string"}}],"inLanguage":"de"},{"@type":"Organization","@id":"https:\/\/www.naturospace.com\/#organization","name":"Naturospace Honfleur","url":"https:\/\/www.naturospace.com\/","logo":{"@type":"ImageObject","inLanguage":"de","@id":"https:\/\/www.naturospace.com\/#\/schema\/logo\/image\/","url":"https:\/\/www.naturospace.com\/wp-content\/uploads\/2025\/12\/logo-268x99-1.png","contentUrl":"https:\/\/www.naturospace.com\/wp-content\/uploads\/2025\/12\/logo-268x99-1.png","width":552,"height":136,"caption":"Naturospace Honfleur"},"image":{"@id":"https:\/\/www.naturospace.com\/#\/schema\/logo\/image\/"}},{"@type":"Person","@id":"https:\/\/www.naturospace.com\/#\/schema\/person\/1deb545bf308add83bbeb44b9f47f123","name":"admin","image":{"@type":"ImageObject","inLanguage":"de","@id":"https:\/\/secure.gravatar.com\/avatar\/f760dc655034dd3b1424c451428df8c025e26d7693565f4322c4dc1432dc0bfe?s=96&d=mm&r=g","url":"https:\/\/secure.gravatar.com\/avatar\/f760dc655034dd3b1424c451428df8c025e26d7693565f4322c4dc1432dc0bfe?s=96&d=mm&r=g","contentUrl":"https:\/\/secure.gravatar.com\/avatar\/f760dc655034dd3b1424c451428df8c025e26d7693565f4322c4dc1432dc0bfe?s=96&d=mm&r=g","caption":"admin"},"sameAs":["https:\/\/www.naturospace.com"]}]}},"_links":{"self":[{"href":"https:\/\/www.naturospace.com\/de\/wp-json\/wp\/v2\/posts\/14548","targetHints":{"allow":["GET"]}}],"collection":[{"href":"https:\/\/www.naturospace.com\/de\/wp-json\/wp\/v2\/posts"}],"about":[{"href":"https:\/\/www.naturospace.com\/de\/wp-json\/wp\/v2\/types\/post"}],"author":[{"embeddable":true,"href":"https:\/\/www.naturospace.com\/de\/wp-json\/wp\/v2\/users\/1"}],"replies":[{"embeddable":true,"href":"https:\/\/www.naturospace.com\/de\/wp-json\/wp\/v2\/comments?post=14548"}],"version-history":[{"count":0,"href":"https:\/\/www.naturospace.com\/de\/wp-json\/wp\/v2\/posts\/14548\/revisions"}],"wp:featuredmedia":[{"embeddable":true,"href":"https:\/\/www.naturospace.com\/de\/wp-json\/wp\/v2\/media\/14550"}],"wp:attachment":[{"href":"https:\/\/www.naturospace.com\/de\/wp-json\/wp\/v2\/media?parent=14548"}],"wp:term":[{"taxonomy":"category","embeddable":true,"href":"https:\/\/www.naturospace.com\/de\/wp-json\/wp\/v2\/categories?post=14548"},{"taxonomy":"post_tag","embeddable":true,"href":"https:\/\/www.naturospace.com\/de\/wp-json\/wp\/v2\/tags?post=14548"}],"curies":[{"name":"wp","href":"https:\/\/api.w.org\/{rel}","templated":true}]}}